{"id":4746,"date":"2025-06-25T17:01:42","date_gmt":"2025-06-25T17:01:42","guid":{"rendered":"https:\/\/www.radnotiiskola.hu\/new\/?p=4746"},"modified":"2026-03-02T17:02:21","modified_gmt":"2026-03-02T17:02:21","slug":"2022-2023-as-tanev","status":"publish","type":"post","link":"http:\/\/www.radnotiiskola.hu\/new\/2025\/06\/25\/2022-2023-as-tanev\/","title":{"rendered":"2022-2023-as tan\u00e9v"},"content":{"rendered":"\n<p><span style=\"font-size: 12pt;\"><strong>Havi programok<\/strong><\/span><\/p>\n<div style=\"font-size: 14px;\"><ul class=\"lcp_catlist\" id=\"lcp_instance_0\"><li><a href=\"http:\/\/www.radnotiiskola.hu\/new\/2023\/09\/01\/intezmenyunk-2023-szeptemberi-programja\/\">Int\u00e9zm\u00e9ny\u00fcnk 2023 szeptemberi programja<\/a><\/li><li><a href=\"http:\/\/www.radnotiiskola.hu\/new\/2023\/05\/02\/intezmenyunk-2023-majus-havi-programja\/\">Int\u00e9zm\u00e9ny\u00fcnk 2023 m\u00e1jus havi programja<\/a><\/li><li><a href=\"http:\/\/www.radnotiiskola.hu\/new\/2023\/02\/27\/intezmenyunk-2023-marcius-havi-programja\/\">Int\u00e9zm\u00e9ny\u00fcnk 2023. m\u00e1rcius havi programja<\/a><\/li><li><a href=\"http:\/\/www.radnotiiskola.hu\/new\/2023\/01\/10\/intezmenyunk-2023-januar-havi-programja\/\">Int\u00e9zm\u00e9ny\u00fcnk 2023 janu\u00e1r havi programja<\/a><\/li><\/ul><\/div>\n<hr>\n<p><strong>Esem\u00e9nyek<\/strong><\/p>\n<p><span style=\"font-size: 14px;\"><ul class=\"lcp_catlist\" id=\"lcp_instance_0\"><li><a href=\"http:\/\/www.radnotiiskola.hu\/new\/2023\/12\/07\/mikulas-latogatasa-iskolankban-2\/\">MIKUL\u00c1S L\u00c1TOGAT\u00c1SA ISKOL\u00c1NKBAN<\/a><\/li><li><a href=\"http:\/\/www.radnotiiskola.hu\/new\/2023\/12\/04\/belvarosi-sulivaro-30\/\">BELV\u00c1ROSI SULIV\u00c1R\u00d3<\/a><\/li><li><a href=\"http:\/\/www.radnotiiskola.hu\/new\/2023\/11\/27\/belvarosi-sulivaro-29\/\">BELV\u00c1ROSI SULIV\u00c1R\u00d3<\/a><\/li><li><a href=\"http:\/\/www.radnotiiskola.hu\/new\/2023\/11\/20\/belvarosi-sulivaro-28\/\">BELV\u00c1ROSI SULIV\u00c1R\u00d3<\/a><\/li><li><a href=\"http:\/\/www.radnotiiskola.hu\/new\/2023\/11\/13\/belvarosi-sulivaro-27\/\">BELV\u00c1ROSI SULIV\u00c1R\u00d3<\/a><\/li><li><a href=\"http:\/\/www.radnotiiskola.hu\/new\/2023\/11\/12\/nyilt-tanitasi-ora-4\/\">Ny\u00edlt tan\u00edt\u00e1si \u00f3ra<\/a><\/li><li><a href=\"http:\/\/www.radnotiiskola.hu\/new\/2023\/11\/10\/marton-nap\/\">M\u00e1rton nap<\/a><\/li><li><a href=\"http:\/\/www.radnotiiskola.hu\/new\/2023\/11\/09\/radnoti-miklos-halalara-emlekezunk\/\">Radn\u00f3ti Mikl\u00f3s hal\u00e1l\u00e1ra eml\u00e9kez\u00fcnk<\/a><\/li><li><a href=\"http:\/\/www.radnotiiskola.hu\/new\/2023\/10\/26\/belvarosi-sulivaro-26\/\">BELV\u00c1ROSI SULIV\u00c1R\u00d3<\/a><\/li><li><a href=\"http:\/\/www.radnotiiskola.hu\/new\/2023\/10\/13\/belvarosi-sulivaro-25\/\">BELV\u00c1ROSI SULIV\u00c1R\u00d3<\/a><\/li><\/ul><\/span><\/p>\n<hr>\n<p><span style=\"font-size: 12pt;\"><strong><span style=\"font-family: arial, helvetica, sans-serif;\">Felh\u00edv\u00e1sok<\/span><\/strong><\/span><\/p>\n<div style=\"font-size: 14px;\"><ul class=\"lcp_catlist\" id=\"lcp_instance_0\"><li><a href=\"http:\/\/www.radnotiiskola.hu\/new\/2023\/12\/12\/szunidei-etkezes-tajekoztato\/\">Sz\u00fcnidei \u00e9tkez\u00e9s t\u00e1j\u00e9koztat\u00f3<\/a><\/li><li><a href=\"http:\/\/www.radnotiiskola.hu\/new\/2023\/12\/11\/etkezesi-befizetes\/\">\u00c9tkez\u00e9si befizet\u00e9s<\/a><\/li><li><a href=\"http:\/\/www.radnotiiskola.hu\/new\/2023\/11\/16\/etkezes-befizetes-5\/\">\u00c9tkez\u00e9s befizet\u00e9s<\/a><\/li><li><a href=\"http:\/\/www.radnotiiskola.hu\/new\/2023\/11\/08\/etkezes-befizetes-4\/\">\u00c9tkez\u00e9s befizet\u00e9s<\/a><\/li><li><a href=\"http:\/\/www.radnotiiskola.hu\/new\/2023\/10\/09\/belvarosi-sulivaro-24\/\">BELV\u00c1ROSI SULIV\u00c1R\u00d3<\/a><\/li><li><a href=\"http:\/\/www.radnotiiskola.hu\/new\/2023\/10\/05\/etkezesi-dij-befizetese-6\/\">\u00c9tkez\u00e9si d\u00edj befizet\u00e9se<\/a><\/li><li><a href=\"http:\/\/www.radnotiiskola.hu\/new\/2023\/09\/26\/belvarosi-sulivaro-elso-foglalkozas-2\/\">Belv\u00e1rosi Suliv\u00e1r\u00f3 &#8211; ELS\u0150 FOGLALKOZ\u00c1S<\/a><\/li><li><a href=\"http:\/\/www.radnotiiskola.hu\/new\/2023\/09\/11\/belvarosi-sulivaro-23\/\">Belv\u00e1rosi Suliv\u00e1r\u00f3<\/a><\/li><li><a href=\"http:\/\/www.radnotiiskola.hu\/new\/2023\/08\/12\/ebed-befizetes-2\/\">Eb\u00e9d befizet\u00e9s<\/a><\/li><li><a href=\"http:\/\/www.radnotiiskola.hu\/new\/2023\/06\/21\/nyari-vezetoi-ugyelet-2\/\">Ny\u00e1ri vezet\u0151i \u00fcgyelet<\/a><\/li><\/ul><\/div>\n<hr>\n<p><span style=\"font-family: arial, helvetica, sans-serif; font-size: 12pt;\"><strong>Eredm\u00e9nyek<\/strong><\/span><\/p>\n<div style=\"font-size: 14px;\"><ul class=\"lcp_catlist\" id=\"lcp_instance_0\"><li><a href=\"http:\/\/www.radnotiiskola.hu\/new\/2023\/10\/03\/europai-diaksport-napja-4\/\">EUR\u00d3PAI DI\u00c1KSPORT NAPJA<\/a><\/li><li><a href=\"http:\/\/www.radnotiiskola.hu\/new\/2023\/09\/30\/europai-diaksport-napja-3\/\">EUR\u00d3PAI DI\u00c1KSPORT NAPJA<\/a><\/li><li><a href=\"http:\/\/www.radnotiiskola.hu\/new\/2023\/02\/10\/farsangi-mulatsag\/\">Farsangi mulats\u00e1g<\/a><\/li><\/ul><\/div>\n","protected":false},"excerpt":{"rendered":"<p>Havi programok Esem\u00e9nyek Felh\u00edv\u00e1sok Eredm\u00e9nyek<\/p>\n","protected":false},"author":4,"featured_media":0,"comment_status":"closed","ping_status":"open","sticky":false,"template":"","format":"standard","meta":{"ngg_post_thumbnail":0,"footnotes":""},"categories":[28],"tags":[],"class_list":["post-4746","post","type-post","status-publish","format-standard","hentry","category-esemenyek-2019"],"_links":{"self":[{"href":"http:\/\/www.radnotiiskola.hu\/new\/wp-json\/wp\/v2\/posts\/4746","targetHints":{"allow":["GET"]}}],"collection":[{"href":"http:\/\/www.radnotiiskola.hu\/new\/wp-json\/wp\/v2\/posts"}],"about":[{"href":"http:\/\/www.radnotiiskola.hu\/new\/wp-json\/wp\/v2\/types\/post"}],"author":[{"embeddable":true,"href":"http:\/\/www.radnotiiskola.hu\/new\/wp-json\/wp\/v2\/users\/4"}],"replies":[{"embeddable":true,"href":"http:\/\/www.radnotiiskola.hu\/new\/wp-json\/wp\/v2\/comments?post=4746"}],"version-history":[{"count":1,"href":"http:\/\/www.radnotiiskola.hu\/new\/wp-json\/wp\/v2\/posts\/4746\/revisions"}],"predecessor-version":[{"id":4747,"href":"http:\/\/www.radnotiiskola.hu\/new\/wp-json\/wp\/v2\/posts\/4746\/revisions\/4747"}],"wp:attachment":[{"href":"http:\/\/www.radnotiiskola.hu\/new\/wp-json\/wp\/v2\/media?parent=4746"}],"wp:term":[{"taxonomy":"category","embeddable":true,"href":"http:\/\/www.radnotiiskola.hu\/new\/wp-json\/wp\/v2\/categories?post=4746"},{"taxonomy":"post_tag","embeddable":true,"href":"http:\/\/www.radnotiiskola.hu\/new\/wp-json\/wp\/v2\/tags?post=4746"}],"curies":[{"name":"wp","href":"https:\/\/api.w.org\/{rel}","templated":true}]}}