{"id":4760,"date":"2025-07-30T17:04:53","date_gmt":"2025-07-30T17:04:53","guid":{"rendered":"https:\/\/www.radnotiiskola.hu\/new\/?p=4760"},"modified":"2026-03-02T17:05:53","modified_gmt":"2026-03-02T17:05:53","slug":"2024-2025-os-tanev","status":"publish","type":"post","link":"http:\/\/www.radnotiiskola.hu\/new\/2025\/07\/30\/2024-2025-os-tanev\/","title":{"rendered":"2024-2025-\u00f6s tan\u00e9v"},"content":{"rendered":"\n<p><span style=\"font-size: 12pt;\"><strong>Havi programok<\/strong><\/span><\/p>\n<div style=\"font-size: 14px;\"><ul class=\"lcp_catlist\" id=\"lcp_instance_0\"><li><a href=\"http:\/\/www.radnotiiskola.hu\/new\/2024\/03\/27\/intezmenyunk-2024-aprilis-havi-programja\/\">Int\u00e9zm\u00e9ny\u00fcnk 2024 \u00e1prilis havi programja<\/a><\/li><\/ul><\/div>\n<hr>\n<p><strong>Esem\u00e9nyek<\/strong><\/p>\n<p><span style=\"font-size: 14px;\"><ul class=\"lcp_catlist\" id=\"lcp_instance_0\"><li><a href=\"http:\/\/www.radnotiiskola.hu\/new\/2024\/12\/06\/mikulas-latogatasa-iskolankban-3\/\">MIKUL\u00c1S L\u00c1TOGAT\u00c1SA ISKOL\u00c1NKBAN<\/a><\/li><li><a href=\"http:\/\/www.radnotiiskola.hu\/new\/2024\/12\/02\/belvarosi-sulivaro-52\/\">BELV\u00c1ROSI SULIV\u00c1R\u00d3<\/a><\/li><li><a href=\"http:\/\/www.radnotiiskola.hu\/new\/2024\/11\/25\/belvarosi-sulivaro-51\/\">BELV\u00c1ROSI SULIV\u00c1R\u00d3<\/a><\/li><li><a href=\"http:\/\/www.radnotiiskola.hu\/new\/2024\/11\/11\/belvarosi-sulivaro-49\/\">BELV\u00c1ROSI SULIV\u00c1R\u00d3<\/a><\/li><li><a href=\"http:\/\/www.radnotiiskola.hu\/new\/2024\/11\/04\/belvarosi-sulivaro-48\/\">BELV\u00c1ROSI SULIV\u00c1R\u00d3<\/a><\/li><li><a href=\"http:\/\/www.radnotiiskola.hu\/new\/2024\/10\/24\/oktober-23\/\">Okt\u00f3ber 23.<\/a><\/li><li><a href=\"http:\/\/www.radnotiiskola.hu\/new\/2024\/10\/15\/oktober-az-idosek-honapja\/\">Okt\u00f3ber az id\u0151sek h\u00f3napja<\/a><\/li><li><a href=\"http:\/\/www.radnotiiskola.hu\/new\/2024\/09\/23\/zanka-erzsebet-tabor\/\">Z\u00e1nka Erzs\u00e9bet &#8211; t\u00e1bor<\/a><\/li><li><a href=\"http:\/\/www.radnotiiskola.hu\/new\/2024\/09\/06\/tanevnyito-unnepseg\/\">Tan\u00e9vnyit\u00f3 \u00fcnneps\u00e9g<\/a><\/li><li><a href=\"http:\/\/www.radnotiiskola.hu\/new\/2024\/08\/14\/elso-tanitasi-nap-rendje\/\">Els\u0151 tan\u00edt\u00e1si nap rendje<\/a><\/li><\/ul><\/span><\/p>\n<hr>\n<p><span style=\"font-size: 12pt;\"><strong><span style=\"font-family: arial, helvetica, sans-serif;\">Felh\u00edv\u00e1sok<\/span><\/strong><\/span><\/p>\n<div style=\"font-size: 14px;\"><ul class=\"lcp_catlist\" id=\"lcp_instance_0\"><li><a href=\"http:\/\/www.radnotiiskola.hu\/new\/2024\/12\/16\/szunidei-gyermeketkeztetes\/\">Sz\u00fcnidei gyermek\u00e9tkeztet\u00e9s<\/a><\/li><li><a href=\"http:\/\/www.radnotiiskola.hu\/new\/2024\/11\/25\/meghivo\/\">MEGH\u00cdV\u00d3<\/a><\/li><li><a href=\"http:\/\/www.radnotiiskola.hu\/new\/2024\/11\/18\/belvarosi-sulivaro-50\/\">BELV\u00c1ROSI SULIV\u00c1R\u00d3<\/a><\/li><li><a href=\"http:\/\/www.radnotiiskola.hu\/new\/2024\/09\/16\/felveteli-eljaras-legfontosabb-idopontjai\/\">Felv\u00e9teli elj\u00e1r\u00e1s legfontosabb id\u0151pontjai<\/a><\/li><li><a href=\"http:\/\/www.radnotiiskola.hu\/new\/2024\/09\/09\/ujra-belvarosi-sulivaro\/\">\u00dajra Belv\u00e1rosi Suliv\u00e1r\u00f3<\/a><\/li><li><a href=\"http:\/\/www.radnotiiskola.hu\/new\/2024\/08\/15\/javitovizsgaval-kapcsolatos-tudnivalok\/\">Jav\u00edt\u00f3vizsg\u00e1val kapcsolatos tudnival\u00f3k<\/a><\/li><li><a href=\"http:\/\/www.radnotiiskola.hu\/new\/2024\/07\/05\/taneszkozigeny-2024-25-os-tanevre\/\">Taneszk\u00f6zig\u00e9ny 2024\/25-\u00f6s tan\u00e9vre<\/a><\/li><li><a href=\"http:\/\/www.radnotiiskola.hu\/new\/2024\/06\/26\/inntezmenyi-nyari-ugyelet-rendje\/\">Int\u00e9zm\u00e9nyvezet\u0151k ny\u00e1ri \u00fcgyeleti rendje<\/a><\/li><li><a href=\"http:\/\/www.radnotiiskola.hu\/new\/2024\/03\/25\/belvarosi-sulivaro-42\/\">BELV\u00c1ROSI SULIV\u00c1R\u00d3<\/a><\/li><li><a href=\"http:\/\/www.radnotiiskola.hu\/new\/2024\/03\/01\/etkezesi-teritesi-dijak\/\">\u00c9tkez\u00e9si t\u00e9r\u00edt\u00e9si d\u00edjak<\/a><\/li><\/ul><\/div>\n<hr>\n<p><span style=\"font-family: arial, helvetica, sans-serif; font-size: 12pt;\"><strong>Eredm\u00e9nyek<\/strong><\/span><\/p>\n<div style=\"font-size: 14px;\"><ul class=\"lcp_catlist\" id=\"lcp_instance_0\"><li><a href=\"http:\/\/www.radnotiiskola.hu\/new\/2024\/11\/11\/halloween-i-alkotopalyazat\/\">Halloween-i alkot\u00f3p\u00e1ly\u00e1zat<\/a><\/li><li><a href=\"http:\/\/www.radnotiiskola.hu\/new\/2024\/05\/06\/buszkek-vagyunk-2\/\">B\u00fcszk\u00e9k vagyunk<\/a><\/li><li><a href=\"http:\/\/www.radnotiiskola.hu\/new\/2024\/04\/30\/az-ai-es-az-idoutazas\/\">Az AI \u00e9s az id\u0151utaz\u00e1s<\/a><\/li><li><a href=\"http:\/\/www.radnotiiskola.hu\/new\/2024\/03\/25\/39-ev-a-pedagogus-palyan\/\">39 \u00e9v a pedag\u00f3gus p\u00e1ly\u00e1n<\/a><\/li><li><a href=\"http:\/\/www.radnotiiskola.hu\/new\/2024\/01\/22\/matematika-haziverseny-eredmenyei\/\">Matematika h\u00e1ziverseny eredm\u00e9nyei<\/a><\/li><li><a href=\"http:\/\/www.radnotiiskola.hu\/new\/2023\/12\/20\/szepkiejtes-verseny\/\">Sz\u00e9pkiejt\u00e9s verseny<\/a><\/li><\/ul><\/div>\n<hr>\n<p><span style=\"font-family: arial, helvetica, sans-serif; font-size: 12pt;\"><strong>D\u00d6K<\/strong><\/span><\/p>\n<div style=\"font-size: 14px;\"><ul class=\"lcp_catlist\" id=\"lcp_instance_0\"><li><a href=\"http:\/\/www.radnotiiskola.hu\/new\/2024\/11\/11\/halloween-party-2\/\">Halloween &#8211; party<\/a><\/li><li><a href=\"http:\/\/www.radnotiiskola.hu\/new\/2024\/10\/09\/papirgyujtes-3\/\">Pap\u00edrgy\u0171jt\u00e9s<\/a><\/li><li><a href=\"http:\/\/www.radnotiiskola.hu\/new\/2024\/10\/01\/magyar-diaksport-napja\/\">Magyar Di\u00e1ksport Napja<\/a><\/li><\/ul><\/div>\n","protected":false},"excerpt":{"rendered":"<p>Havi programok Esem\u00e9nyek Felh\u00edv\u00e1sok Eredm\u00e9nyek D\u00d6K<\/p>\n","protected":false},"author":4,"featured_media":0,"comment_status":"closed","ping_status":"open","sticky":false,"template":"","format":"standard","meta":{"ngg_post_thumbnail":0,"footnotes":""},"categories":[28],"tags":[],"class_list":["post-4760","post","type-post","status-publish","format-standard","hentry","category-esemenyek-2019"],"_links":{"self":[{"href":"http:\/\/www.radnotiiskola.hu\/new\/wp-json\/wp\/v2\/posts\/4760","targetHints":{"allow":["GET"]}}],"collection":[{"href":"http:\/\/www.radnotiiskola.hu\/new\/wp-json\/wp\/v2\/posts"}],"about":[{"href":"http:\/\/www.radnotiiskola.hu\/new\/wp-json\/wp\/v2\/types\/post"}],"author":[{"embeddable":true,"href":"http:\/\/www.radnotiiskola.hu\/new\/wp-json\/wp\/v2\/users\/4"}],"replies":[{"embeddable":true,"href":"http:\/\/www.radnotiiskola.hu\/new\/wp-json\/wp\/v2\/comments?post=4760"}],"version-history":[{"count":1,"href":"http:\/\/www.radnotiiskola.hu\/new\/wp-json\/wp\/v2\/posts\/4760\/revisions"}],"predecessor-version":[{"id":4761,"href":"http:\/\/www.radnotiiskola.hu\/new\/wp-json\/wp\/v2\/posts\/4760\/revisions\/4761"}],"wp:attachment":[{"href":"http:\/\/www.radnotiiskola.hu\/new\/wp-json\/wp\/v2\/media?parent=4760"}],"wp:term":[{"taxonomy":"category","embeddable":true,"href":"http:\/\/www.radnotiiskola.hu\/new\/wp-json\/wp\/v2\/categories?post=4760"},{"taxonomy":"post_tag","embeddable":true,"href":"http:\/\/www.radnotiiskola.hu\/new\/wp-json\/wp\/v2\/tags?post=4760"}],"curies":[{"name":"wp","href":"https:\/\/api.w.org\/{rel}","templated":true}]}}