{"id":4775,"date":"2026-03-10T17:04:21","date_gmt":"2026-03-10T17:04:21","guid":{"rendered":"https:\/\/www.radnotiiskola.hu\/new\/?p=4775"},"modified":"2026-03-13T17:06:56","modified_gmt":"2026-03-13T17:06:56","slug":"belvarosi-sulivaro-78","status":"publish","type":"post","link":"http:\/\/www.radnotiiskola.hu\/new\/2026\/03\/10\/belvarosi-sulivaro-78\/","title":{"rendered":"BELV\u00c1ROSI SULIV\u00c1R\u00d3"},"content":{"rendered":"\n<p style=\"text-align: left;\"><strong>&nbsp; &nbsp; &nbsp; &nbsp; &nbsp; &nbsp; &nbsp; &nbsp; &nbsp; &nbsp; &nbsp; &nbsp; &nbsp; &nbsp; &nbsp; &nbsp; &nbsp; &nbsp; &nbsp; &nbsp; &nbsp; &nbsp; &nbsp; &nbsp; &nbsp; &nbsp; &nbsp; &nbsp; &nbsp; &nbsp; &nbsp; &nbsp; 2026. m\u00e1rcius 11.&nbsp;<br><\/strong><img loading=\"lazy\" decoding=\"async\" class=\"alignleft size-medium wp-image-4776\" src=\"http:\/\/www.radnotiiskola.hu\/new\/wp-content\/uploads\/2026\/03\/d9a6a40a12695bb42a3a0fc43044eac3-300x240.jpg\" alt=\"\" width=\"300\" height=\"240\" srcset=\"http:\/\/www.radnotiiskola.hu\/new\/wp-content\/uploads\/2026\/03\/d9a6a40a12695bb42a3a0fc43044eac3-300x240.jpg 300w, http:\/\/www.radnotiiskola.hu\/new\/wp-content\/uploads\/2026\/03\/d9a6a40a12695bb42a3a0fc43044eac3.jpg 570w\" sizes=\"auto, (max-width: 300px) 100vw, 300px\" \/>A j\u00e1t\u00e9kos, mozg\u00e1sos, bar\u00e1ts\u00e1gos l\u00e9gk\u00f6r\u0171 foglalkoz\u00e1sainkon fejlesztj\u00fck, er\u0151s\u00edtj\u00fck az iskol\u00e1ba k\u00e9sz\u00fcl\u0151 gyerekek azon k\u00e9pess\u00e9geit, melyek az els\u0151 oszt\u00e1ly sikeres, z\u00f6kken\u0151mentes kezd\u00e9s\u00e9hez sz\u00fcks\u00e9gesek.<br>A foglalkoz\u00e1sminden szerd\u00e1n 15:30-t\u00f3l 16:15-ig tart.<br>Az iskolael\u0151k\u00e9sz\u00edt\u0151 foglalkoz\u00e1sok ingyenesek. Iskol\u00e1nk kapuja minden leend\u0151 els\u0151s el\u0151tt nyitva \u00e1ll.<!--more--><\/p>\n<p><strong>A foglalkoz\u00e1s t\u00e9<\/strong><strong>m\u00e1ja:<\/strong>Sz\u00e1m\u00edt\u00f3g\u00e9pes oktat\u00f3j\u00e1t\u00e9k. Tavaszk\u00f6sz\u00f6nt\u0151.<br>Timi n\u00e9ni v\u00e1rja sok szeretettel az \u00f3vod\u00e1s kisgyermekeket<\/p>\n","protected":false},"excerpt":{"rendered":"<p>&nbsp; &nbsp; &nbsp; &nbsp; &nbsp; &nbsp; &nbsp; &nbsp; &nbsp; &nbsp; &nbsp; &nbsp; &nbsp; &nbsp; &nbsp; &nbsp; &nbsp; &nbsp; &nbsp; &nbsp; &nbsp; &nbsp; &nbsp; &nbsp; &nbsp; &nbsp; &nbsp; &nbsp; &nbsp; &nbsp; &nbsp; &nbsp; 2026. m\u00e1rcius 11.&nbsp;A j\u00e1t\u00e9kos, mozg\u00e1sos, bar\u00e1ts\u00e1gos l\u00e9gk\u00f6r\u0171 foglalkoz\u00e1sainkon fejlesztj\u00fck, er\u0151s\u00edtj\u00fck az iskol\u00e1ba k\u00e9sz\u00fcl\u0151 gyerekek azon k\u00e9pess\u00e9geit, melyek az els\u0151 oszt\u00e1ly sikeres, z\u00f6kken\u0151mentes kezd\u00e9s\u00e9hez [&hellip;]<\/p>\n","protected":false},"author":4,"featured_media":0,"comment_status":"closed","ping_status":"open","sticky":false,"template":"","format":"standard","meta":{"ngg_post_thumbnail":0,"footnotes":""},"categories":[67],"tags":[],"class_list":["post-4775","post","type-post","status-publish","format-standard","hentry","category-sulivaro-2026"],"_links":{"self":[{"href":"http:\/\/www.radnotiiskola.hu\/new\/wp-json\/wp\/v2\/posts\/4775","targetHints":{"allow":["GET"]}}],"collection":[{"href":"http:\/\/www.radnotiiskola.hu\/new\/wp-json\/wp\/v2\/posts"}],"about":[{"href":"http:\/\/www.radnotiiskola.hu\/new\/wp-json\/wp\/v2\/types\/post"}],"author":[{"embeddable":true,"href":"http:\/\/www.radnotiiskola.hu\/new\/wp-json\/wp\/v2\/users\/4"}],"replies":[{"embeddable":true,"href":"http:\/\/www.radnotiiskola.hu\/new\/wp-json\/wp\/v2\/comments?post=4775"}],"version-history":[{"count":1,"href":"http:\/\/www.radnotiiskola.hu\/new\/wp-json\/wp\/v2\/posts\/4775\/revisions"}],"predecessor-version":[{"id":4777,"href":"http:\/\/www.radnotiiskola.hu\/new\/wp-json\/wp\/v2\/posts\/4775\/revisions\/4777"}],"wp:attachment":[{"href":"http:\/\/www.radnotiiskola.hu\/new\/wp-json\/wp\/v2\/media?parent=4775"}],"wp:term":[{"taxonomy":"category","embeddable":true,"href":"http:\/\/www.radnotiiskola.hu\/new\/wp-json\/wp\/v2\/categories?post=4775"},{"taxonomy":"post_tag","embeddable":true,"href":"http:\/\/www.radnotiiskola.hu\/new\/wp-json\/wp\/v2\/tags?post=4775"}],"curies":[{"name":"wp","href":"https:\/\/api.w.org\/{rel}","templated":true}]}}